{"id":1221,"date":"2015-01-28T09:33:40","date_gmt":"2015-01-28T09:33:40","guid":{"rendered":"https:\/\/viedeherisson.wordpress.com\/?p=1221"},"modified":"2017-06-02T21:54:51","modified_gmt":"2017-06-02T21:54:51","slug":"the-darkest-of-them-all","status":"publish","type":"post","link":"http:\/\/viedeherisson.com\/index.php\/2015\/01\/28\/the-darkest-of-them-all\/","title":{"rendered":"The darkest of them all"},"content":{"rendered":"<p><a href=\"https:\/\/viedeherisson.files.wordpress.com\/2015\/01\/p1256534.jpg\"><img loading=\"lazy\" decoding=\"async\" class=\"aligncenter wp-image-1222\" src=\"https:\/\/viedeherisson.files.wordpress.com\/2015\/01\/p1256534.jpg?w=200&#038;resize=500%2C750\" alt=\"OLYMPUS DIGITAL CAMERA\" width=\"500\" height=\"750\" data-recalc-dims=\"1\" \/><\/a><\/p>\n<p style=\"text-align: justify;\"><span style=\"color: #000000;\">\u00a0Lors de ma deuxi\u00e8me ann\u00e9e de pr\u00e9pa, l&rsquo;envie de trouver un rouge \u00e0 l\u00e8vre tr\u00e8s fonc\u00e9 ne me quittait \u00a0plus. S\u00fbrement pour faire une diversion de mon morne quotidien. Je profitais de cours qui ne m&rsquo;int\u00e9ressaient pas (\u00e0 d\u00e9faut d&rsquo;avoir du temps libre) pour faire des recherches sur le sujet. Cette envie m&rsquo;\u00e9tait venue apr\u00e8s avoir d\u00e9couvert \u00a0le rouge \u00e0 l\u00e8vre Black Orchid de Tom Tord. A l&rsquo;\u00e9poque je ne travaillais pas, il \u00e9tait donc inimaginable que je d\u00e9pense\u00a0autant de sous dans du maquillage. Au final j&rsquo;ai d\u00e9couvert une teinte tr\u00e8s fonc\u00e9e chez <strong>Make Up For Ever, Le rouge artist Intense n\u00b048.<\/strong><\/span><!--more--><\/p>\n<div id=\"attachment_1229\" style=\"width: 580px\" class=\"wp-caption aligncenter\"><a href=\"https:\/\/viedeherisson.files.wordpress.com\/2015\/01\/p1256551.jpg\"><img loading=\"lazy\" decoding=\"async\" aria-describedby=\"caption-attachment-1229\" class=\"wp-image-1229\" src=\"https:\/\/viedeherisson.files.wordpress.com\/2015\/01\/p1256551.jpg?w=620&#038;resize=570%2C380\" alt=\"Make Up For Ever Rouge Artist\" width=\"570\" height=\"380\" data-recalc-dims=\"1\" \/><\/a><p id=\"caption-attachment-1229\" class=\"wp-caption-text\">Make Up For Ever Rouge Artist<\/p><\/div>\n<p>&nbsp;<\/p>\n<p style=\"text-align: justify;\"><span style=\"color: #000000;\">\u00a0J&rsquo;aime ce rouge \u00e0 l\u00e8vre non seulement pour sa couleur mais aussi pour sa grande <strong>versatilit\u00e9<\/strong>. En effet lorsque l&rsquo;on superpose les couches on obtient une nuance rouge-noire tr\u00e8s \u00ab\u00a0<strong>vamp<\/strong>\u00ab\u00a0. Mais il permet de faire un look plus<strong> sobre<\/strong>\u00a0en enlevant l&rsquo;exc\u00e9dant. La photo ci-dessous montre comment il devient un rouge bordeaux au fini mat: pour cela il suffit de \u00ab\u00a0mordre\u00a0\u00bb dans un mouchoirs \u00e0 plusieurs reprises. \u00a0Le produit \u00e9tant de la marque <strong>Make Up For Ever<\/strong>, il est d&rsquo;une <strong>grande qualit\u00e9<\/strong>, <strong>super pigment\u00e9<\/strong>, et<strong> longue dur\u00e9e<\/strong>: what else?\u00a0<\/span><\/p>\n<p><a href=\"https:\/\/viedeherisson.files.wordpress.com\/2015\/01\/p1256545.jpg\"><img loading=\"lazy\" decoding=\"async\" class=\"aligncenter wp-image-1226\" src=\"https:\/\/viedeherisson.files.wordpress.com\/2015\/01\/p1256545.jpg?w=200&#038;resize=500%2C750\" alt=\"OLYMPUS DIGITAL CAMERA\" width=\"500\" height=\"750\" data-recalc-dims=\"1\" \/><\/a><\/p>\n<h6 style=\"text-align: center;\"><\/h6>\n<h4 style=\"text-align: center;\"><\/h4>\n<h4 style=\"text-align: center;\"><span style=\"color: #000000;\">\u00a0Comment porter des rouges \u00e0 l\u00e8vre fonc\u00e9s:<\/span><\/h4>\n<p><a href=\"https:\/\/viedeherisson.files.wordpress.com\/2015\/01\/p1256549.jpg\"><img loading=\"lazy\" decoding=\"async\" class=\"aligncenter wp-image-1230\" src=\"https:\/\/viedeherisson.files.wordpress.com\/2015\/01\/p1256549.jpg?w=300&#038;resize=550%2C367\" alt=\"OLYMPUS DIGITAL CAMERA\" width=\"550\" height=\"367\" data-recalc-dims=\"1\" \/><\/a><\/p>\n<p><span style=\"color: #000000;\">\u00a0<strong>Teint uniforme<\/strong>: Il ne doit rester aucunes rougeurs. Le rouge \u00e0 l\u00e8vre risquerait de faire ressortir les imperfections qui sont dans la m\u00eame gamme de couleur. Or, on veut mettre en avant son maquillage par ses irritations autour du nez&#8230;<\/span><\/p>\n<p style=\"text-align: justify;\"><span style=\"color: #000000;\"><strong>Equilibre:<\/strong> Plus que pour n&rsquo;importe quelle autre teinte de rouge \u00e0 l\u00e8vre, il est primordial de bien maquiller ses sourcils. Le rouge \u00e0 l\u00e8vre tr\u00e8s fonc\u00e9 risquerait d&rsquo;alourdir le bas de visage si le haut \u00a0n&rsquo;est pas structur\u00e9.\u00a0<\/span><\/p>\n<p><span style=\"color: #000000;\"><strong>Gris:<\/strong>\u00a0C&rsquo;est la couleur que je pr\u00e9f\u00e8re porter avec des teintes fonc\u00e9es de rouge \u00e0 l\u00e8vre. Sur les photos je porte le fard \u00ab\u00a0Lhassa\u00a0\u00bb de Nars qui est un gris mauve l\u00e9g\u00e8rement iris\u00e9. Ma pr\u00e9f\u00e9rence pour le gris ne signifie pas que l&rsquo;on ne puisse pas se maquiller avec d&rsquo;autres teintes. Des couleurs neutres dans les Beiges\/Bruns font aussi l&rsquo;affaire. Et pour les plus aventureuse, pourquoi pas de l&rsquo;eye liner noir?<\/span><\/p>\n<p style=\"text-align: justify;\"><strong>\u00a0<\/strong><span style=\"color: #000000;\"><strong>D\u00e9finition<\/strong>: Le contour de la bouche doit \u00eatre d\u00e9fini, sans aucune bavures. Lorsque j&rsquo;applique mon fond de teint , je le fais d\u00e9border l\u00e9g\u00e8rement sur les l\u00e8vres, puis j&rsquo;applique avec un pinceau le rouge \u00e0 l\u00e8vre. Le contour des l\u00e8vres est ainsi d\u00e9fini, sans aucune rougeurs cutan\u00e9es. J&rsquo;\u00e9vite de mettre du blush avec ce type de couleurs, je pr\u00e9f\u00e8re d\u00e9finir les traits du visage en faisant du contouring. Pour ce maquillage, j&rsquo;ai utilis\u00e9 en-dessous des pommettes mon <a title=\"Miracle Cushion de Lanc\u00f4me: une innovation pour le teint\" href=\"https:\/\/viedeherisson.wordpress.com\/2015\/01\/21\/miracle-cushion-de-lancome-une-innovation-pour-le-teint\/\" target=\"_blank\" rel=\"noopener noreferrer\">Cushion de Lanc\u00f4me<\/a>\u00a0dans une teinte\u00a0fonc\u00e9e.\u00a0<\/span><\/p>\n<h5 style=\"text-align: center;\"><span style=\"color: #000000;\">Est-ce que vous portez des teintes fonc\u00e9es de rouge \u00e0 l\u00e8vre? Comment le portez-vous?\u00a0<\/span><\/h5>\n","protected":false},"excerpt":{"rendered":"<p>\u00a0Lors de ma deuxi\u00e8me ann\u00e9e de pr\u00e9pa, l&rsquo;envie de trouver un rouge \u00e0 l\u00e8vre tr\u00e8s fonc\u00e9 ne me quittait \u00a0plus. S\u00fbrement pour faire une diversion de mon morne quotidien. Je profitais de cours qui ne m&rsquo;int\u00e9ressaient pas (\u00e0 d\u00e9faut d&rsquo;avoir [&hellip;]<\/p>\n","protected":false},"author":2,"featured_media":0,"comment_status":"open","ping_status":"open","sticky":false,"template":"","format":"standard","meta":{"spay_email":"","footnotes":"","jetpack_publicize_message":""},"categories":[17],"tags":[185,142,14,175,18,218,219,220],"jetpack_featured_media_url":"","jetpack_publicize_connections":[],"jetpack_sharing_enabled":true,"jetpack_shortlink":"https:\/\/wp.me\/p8rtp8-jH","_links":{"self":[{"href":"http:\/\/viedeherisson.com\/index.php\/wp-json\/wp\/v2\/posts\/1221"}],"collection":[{"href":"http:\/\/viedeherisson.com\/index.php\/wp-json\/wp\/v2\/posts"}],"about":[{"href":"http:\/\/viedeherisson.com\/index.php\/wp-json\/wp\/v2\/types\/post"}],"author":[{"embeddable":true,"href":"http:\/\/viedeherisson.com\/index.php\/wp-json\/wp\/v2\/users\/2"}],"replies":[{"embeddable":true,"href":"http:\/\/viedeherisson.com\/index.php\/wp-json\/wp\/v2\/comments?post=1221"}],"version-history":[{"count":1,"href":"http:\/\/viedeherisson.com\/index.php\/wp-json\/wp\/v2\/posts\/1221\/revisions"}],"predecessor-version":[{"id":6714,"href":"http:\/\/viedeherisson.com\/index.php\/wp-json\/wp\/v2\/posts\/1221\/revisions\/6714"}],"wp:attachment":[{"href":"http:\/\/viedeherisson.com\/index.php\/wp-json\/wp\/v2\/media?parent=1221"}],"wp:term":[{"taxonomy":"category","embeddable":true,"href":"http:\/\/viedeherisson.com\/index.php\/wp-json\/wp\/v2\/categories?post=1221"},{"taxonomy":"post_tag","embeddable":true,"href":"http:\/\/viedeherisson.com\/index.php\/wp-json\/wp\/v2\/tags?post=1221"}],"curies":[{"name":"wp","href":"https:\/\/api.w.org\/{rel}","templated":true}]}}