{"id":1721,"date":"2015-07-20T18:14:13","date_gmt":"2015-07-20T18:14:13","guid":{"rendered":"https:\/\/viedeherisson.wordpress.com\/?p=1721"},"modified":"2017-06-02T21:27:16","modified_gmt":"2017-06-02T21:27:16","slug":"alice-je-suis-tombee-amoureuse-dun-crayon","status":"publish","type":"post","link":"http:\/\/viedeherisson.com\/index.php\/2015\/07\/20\/alice-je-suis-tombee-amoureuse-dun-crayon\/","title":{"rendered":"Alice: &quot;je suis tomb\u00e9e amoureuse d&rsquo;un crayon&quot;"},"content":{"rendered":"<p style=\"text-align: justify;\"><a href=\"https:\/\/viedeherisson.files.wordpress.com\/2015\/07\/11414353_1596906657243958_2023767197_n.jpg\"><img loading=\"lazy\" decoding=\"async\" class=\"aligncenter wp-image-1723 size-large\" src=\"https:\/\/viedeherisson.files.wordpress.com\/2015\/07\/11414353_1596906657243958_2023767197_n.jpg?w=620&#038;resize=620%2C543\" alt=\"crayon epatant de my little box\" width=\"620\" height=\"543\" data-recalc-dims=\"1\" \/><\/a><\/p>\n<p style=\"text-align: center;\"><span style=\"color: #800000;\">Je donne la parole \u00e0 mon amie Alice, d\u00e9j\u00e0 pr\u00e9sente sur<\/span> <a href=\"https:\/\/viedeherisson.wordpress.com\/2014\/07\/06\/portrait-beaute-alice-une-fille-addict-aux-mascaras\/\" target=\"_blank\" rel=\"noopener noreferrer\">ce blog:<\/a><\/p>\n<p style=\"text-align: justify;\"><strong>J<\/strong><span style=\"color: #000000;\"><strong>e suis tomb\u00e9e amoureuse.<\/strong> Je ne pensais pas \u00eatre conquise \u00e0 ce point par un produit re\u00e7u dans ma tout premi\u00e8re \u00ab My Little Box \u00bb. <\/span><!--more--><\/p>\n<p style=\"text-align: justify;\"><span style=\"color: #000000;\">Ma routine beaut\u00e9 du matin avant : toujours du mascara et toujours du kh\u00f4l noir au ras des cils inf\u00e9rieurs. C\u2019est la qu\u2019arrivait le dilemme : eye-liner au ras des cils sup\u00e9rieurs ou fard \u00e0 paupi\u00e8re ? Les deux ensemble sont un peu charg\u00e9 pour mon maquillage de tous les jours (d\u2019autant que j\u2019aime les fards \u00e0 paupi\u00e8re \u00e0 paillettes). Si je ne mettais pas l\u2019eye-liner, je trouvais que mon oeil n\u2019\u00e9tait pas assez agrandi, et si je ne mettais pas le fard \u00e0 paupi\u00e8res je trouvais qu\u2019il manquait de couleur.<\/span><\/p>\n<p style=\"text-align: justify;\"><a href=\"https:\/\/viedeherisson.files.wordpress.com\/2015\/07\/11421455_1596907540577203_1350583276_n.jpg\"><img loading=\"lazy\" decoding=\"async\" class=\"aligncenter wp-image-1725 size-large\" src=\"https:\/\/viedeherisson.files.wordpress.com\/2015\/07\/11421455_1596907540577203_1350583276_n.jpg?w=620&#038;resize=620%2C465\" alt=\"11421455_1596907540577203_1350583276_n\" width=\"620\" height=\"465\" data-recalc-dims=\"1\" \/><\/a><\/p>\n<p style=\"text-align: justify;\"><span style=\"color: #000000;\"><strong> C\u2019est la que le crayon \u00e9patant My Little Box est arriv\u00e9.<\/strong> C\u2019est un crayon brun m\u00e9tallis\u00e9 a utiliser sur la paupi\u00e8re mobile. La couleur est sublime ! Pourquoi il a r\u00e9solu mon dilemme ? Je commence par l\u2019appliquer au ras des cils, comme un trait d\u2019eye-liner en appliquant beaucoup de mati\u00e8re. J\u2019applique aussi beaucoup de mati\u00e8re aux coins ext\u00e9rieurs des paupi\u00e8res. Puis j\u2019applique plus l\u00e9g\u00e8rement de la couleur sur le reste de la paupi\u00e8re. Au niveau du r\u00e9sultat la paupi\u00e8re enti\u00e8re est color\u00e9e mais l\u2019oeil est agrandi par ce que c\u2019est plus fonc\u00e9 au ras des cils (comme un eye-liner) et j\u2019ai un tr\u00e8s joli effet de d\u00e9grad\u00e9 entre l\u2019ext\u00e9rieur et l\u2019int\u00e9rieur de la paupi\u00e8re qui <strong>ne n\u00e9cessite aucune technicit\u00e9.<\/strong><\/span><\/p>\n<p style=\"text-align: justify;\"><strong><span style=\"color: #000000;\"> F<\/span><span style=\"color: #000000;\">ini les maquillages trop compliqu\u00e9 avec 3 fards \u00e0 paupi\u00e8res diff\u00e9rents !<\/span><\/strong><span style=\"color: #000000;\"> (et o\u00f9 on n\u2019a pas toujours le m\u00eame effet sur les deux yeux) Le petit plus : a<strong>ucune particule qui ne tombe sur les joues<\/strong>, ni au moment de l\u2019appliquer ni tout au long de la journ\u00e9e puisque c\u2019est un crayon gras et pas une poudre ! Le petit plus num\u00e9ro 2 : il ne co\u00fbte que <strong>12 euros<\/strong>\u2026c\u2019est vraiment raisonnable pour u<strong>n produit qui a r\u00e9volutionn\u00e9 ma<\/strong> vie \u00e0 ce point, je n\u2019h\u00e9siterais pas une seule seconde \u00e0 l\u2019acheter (et \u00e0 l\u2019offrir). Le seul point n\u00e9gatif : il<strong> n\u2019existe qu\u2019en brun m\u00e9tallis\u00e9.<\/strong>.et il est tellement g\u00e9nial que j\u2019en voudrais des dizaines !<\/span><\/p>\n","protected":false},"excerpt":{"rendered":"<p>Je donne la parole \u00e0 mon amie Alice, d\u00e9j\u00e0 pr\u00e9sente sur ce blog: Je suis tomb\u00e9e amoureuse. Je ne pensais pas \u00eatre conquise \u00e0 ce point par un produit re\u00e7u dans ma tout premi\u00e8re \u00ab My Little Box \u00bb.<\/p>\n","protected":false},"author":2,"featured_media":0,"comment_status":"open","ping_status":"open","sticky":false,"template":"","format":"standard","meta":{"spay_email":"","footnotes":"","jetpack_publicize_message":""},"categories":[17],"tags":[338,147,185,14,339,340,341],"jetpack_featured_media_url":"","jetpack_publicize_connections":[],"jetpack_sharing_enabled":true,"jetpack_shortlink":"https:\/\/wp.me\/p8rtp8-rL","_links":{"self":[{"href":"http:\/\/viedeherisson.com\/index.php\/wp-json\/wp\/v2\/posts\/1721"}],"collection":[{"href":"http:\/\/viedeherisson.com\/index.php\/wp-json\/wp\/v2\/posts"}],"about":[{"href":"http:\/\/viedeherisson.com\/index.php\/wp-json\/wp\/v2\/types\/post"}],"author":[{"embeddable":true,"href":"http:\/\/viedeherisson.com\/index.php\/wp-json\/wp\/v2\/users\/2"}],"replies":[{"embeddable":true,"href":"http:\/\/viedeherisson.com\/index.php\/wp-json\/wp\/v2\/comments?post=1721"}],"version-history":[{"count":1,"href":"http:\/\/viedeherisson.com\/index.php\/wp-json\/wp\/v2\/posts\/1721\/revisions"}],"predecessor-version":[{"id":6671,"href":"http:\/\/viedeherisson.com\/index.php\/wp-json\/wp\/v2\/posts\/1721\/revisions\/6671"}],"wp:attachment":[{"href":"http:\/\/viedeherisson.com\/index.php\/wp-json\/wp\/v2\/media?parent=1721"}],"wp:term":[{"taxonomy":"category","embeddable":true,"href":"http:\/\/viedeherisson.com\/index.php\/wp-json\/wp\/v2\/categories?post=1721"},{"taxonomy":"post_tag","embeddable":true,"href":"http:\/\/viedeherisson.com\/index.php\/wp-json\/wp\/v2\/tags?post=1721"}],"curies":[{"name":"wp","href":"https:\/\/api.w.org\/{rel}","templated":true}]}}