{"id":7136,"date":"2018-08-08T20:19:00","date_gmt":"2018-08-08T18:19:00","guid":{"rendered":"http:\/\/viedeherisson.com\/?p=7136"},"modified":"2018-08-08T20:19:00","modified_gmt":"2018-08-08T18:19:00","slug":"peau-sensible-et-deshydratee-routine-soin-printemps-2018","status":"publish","type":"post","link":"http:\/\/viedeherisson.com\/index.php\/2018\/08\/08\/peau-sensible-et-deshydratee-routine-soin-printemps-2018\/","title":{"rendered":"Peau sensible et d\u00e9shydrat\u00e9e &#8211; Routine soin printemps 2018"},"content":{"rendered":"<p style=\"text-align: center;\">I&rsquo;ve got 99 skin problems but sensitivity ain&rsquo;t one&#8230; Oh wait !<!--more--><\/p>\n<p>j&rsquo;\u00e9tais tr\u00e8s fi\u00e8re de la t\u00e9nacit\u00e9 de ma peau. Elle a travers\u00e9 un traitement <a href=\"http:\/\/viedeherisson.com\/index.php\/2015\/06\/02\/mon-temoignage-traitement-de-lacne-par-lepiduo-gel\/\">epiduo gel<\/a> sans mouch\u00e9e, j&rsquo;ai d\u00fb mal r\u00e9agir \u00e0 seulement deux produits dans ma vie&#8230;\u00a0 bref ma peau n&rsquo;\u00e9tait pas sensible jusqu&rsquo;\u00e0 ce terrible hiver 2017. Je ne sais pas si c&rsquo;est l&rsquo;heure et demi de transport quotidien, ou le chauffage \u00e0 fond dans mon \u00e9cole, ou mon \u00e9tat semi d\u00e9pressif qui est la cause de ce changement. Ma seule certitude c&rsquo;est que du jour au lendemain je me suis retrouv\u00e9e avec une peau super d\u00e9shydrat\u00e9e, hyper sensible, me tiraillant et chauffant durant la journ\u00e9e.<\/p>\n<p>Il m&rsquo;a fallu plusieurs tests produits avant de trouver le combo parfait pour soulager ma peau. J&rsquo;ai opt\u00e9 pour une routine avec peu de produits mais efficace.<\/p>\n<p>&nbsp;<\/p>\n<h5 style=\"text-align: center;\">Hyaluronic acid 2% + B5 &#8211; The Ordinary<\/h5>\n<p style=\"text-align: justify;\">L&rsquo;acide hyaluronique est un actif reconnu pour ses propri\u00e9t\u00e9s hydratantes. La plupart des produits cosm\u00e9tiques revendiquant des propri\u00e9t\u00e9s hydratantes en contiennent. J&rsquo;applique le s\u00e9rum The Ordinary\u00a0 g\u00e9n\u00e9reusement matin et soir apr\u00e8s le nettoyage avec le nettoyant doux de <a href=\"http:\/\/viedeherisson.com\/index.php\/2017\/09\/16\/double-nettoyage-avec-ren-rosa-centifolia-cleansing-balm-et-evercalm-cleansing-gel\/\">Ren Skincare<\/a>. Cette premi\u00e8re \u00e9tape calme les tiraillements caus\u00e9s par la d\u00e9shydratation.<\/p>\n<p>&nbsp;<\/p>\n<h5 style=\"text-align: center;\">Fluide visage matifiant &#8211; Florame<\/h5>\n<p style=\"text-align: justify;\">Rien dans le nom de ce produit laisse penser qu&rsquo;il puisse \u00eatre adapt\u00e9 aux peaux sensibles. Je vous l&rsquo;accorde. J&rsquo;ai essay\u00e9 en premier test un \u00e9chantillon, avec quelques r\u00e9ticences, notamment parce que cette cr\u00e8me contient de l&rsquo;huile essentielle ce qui est d\u00e9conseill\u00e9 aux peaux sensibles car potentiellement irritant. Contre toute attente, ce produit n&rsquo;a pas caus\u00e9 la moindre irritation \u00e0 ma peau. J&rsquo;ai aim\u00e9 la texture rapidement absorb\u00e9e ainsi que son odeur enivrante de lavande. Cette cr\u00e8me contient des extraits de pens\u00e9es sauvages, plante aux vertus calmantes. L&rsquo;huile essentielle de lavandin aussi pr\u00e9sente comme ingr\u00e9dient permet d&rsquo;apaiser la peau et de r\u00e9duire les inflammations. Cette composition explique en partie la raison pour laquelle ma peau n&rsquo;a pas \u00e9t\u00e9 sensibilis\u00e9e. Cela fait maintenant six mois que j&rsquo;utilise et je l&rsquo;aime toujours autant.<\/p>\n<p>&nbsp;<\/p>\n<h5 style=\"text-align: center;\">Huile de noisette &#8211; Florame<\/h5>\n<p style=\"text-align: justify;\">Pour le soir je suis retourn\u00e9e vers un basique qui a d\u00e9j\u00e0 fait ses preuves par <a href=\"http:\/\/viedeherisson.com\/index.php\/2016\/04\/13\/duo-du-soir-huile-de-noisette-et-huile-essentielle-de-tea-tree\/\">le pass\u00e9<\/a>, j&rsquo;ai ici nomm\u00e9 l&rsquo;huile de noisette. Cette huile v\u00e9g\u00e9tale adapt\u00e9e aux peaux mixte et grasse assure l&rsquo;hydratation et la nutrition de ma peau pour la nuit. Je glisse juste avant le s\u00e9rum hydratant de The Ordinary.<\/p>\n<h3 style=\"text-align: center;\">Voil\u00e0 !<\/h3>\n<p>&nbsp;<\/p>\n<p>&nbsp;<\/p>\n","protected":false},"excerpt":{"rendered":"<p>I&rsquo;ve got 99 skin problems but sensitivity ain&rsquo;t one&#8230; Oh wait !<\/p>\n","protected":false},"author":1,"featured_media":7155,"comment_status":"open","ping_status":"open","sticky":false,"template":"","format":"standard","meta":{"spay_email":"","footnotes":"","jetpack_publicize_message":""},"categories":[2],"tags":[835,62,846,520,28,796,475,493,844,494,845,33,376,721,842,437,438,843,836],"jetpack_featured_media_url":"https:\/\/i0.wp.com\/viedeherisson.com\/wp-content\/uploads\/2018\/07\/P6242428.jpg?fit=4032%2C2688","jetpack_publicize_connections":[],"jetpack_sharing_enabled":true,"jetpack_shortlink":"https:\/\/wp.me\/p8rtp8-1R6","_links":{"self":[{"href":"http:\/\/viedeherisson.com\/index.php\/wp-json\/wp\/v2\/posts\/7136"}],"collection":[{"href":"http:\/\/viedeherisson.com\/index.php\/wp-json\/wp\/v2\/posts"}],"about":[{"href":"http:\/\/viedeherisson.com\/index.php\/wp-json\/wp\/v2\/types\/post"}],"author":[{"embeddable":true,"href":"http:\/\/viedeherisson.com\/index.php\/wp-json\/wp\/v2\/users\/1"}],"replies":[{"embeddable":true,"href":"http:\/\/viedeherisson.com\/index.php\/wp-json\/wp\/v2\/comments?post=7136"}],"version-history":[{"count":10,"href":"http:\/\/viedeherisson.com\/index.php\/wp-json\/wp\/v2\/posts\/7136\/revisions"}],"predecessor-version":[{"id":7171,"href":"http:\/\/viedeherisson.com\/index.php\/wp-json\/wp\/v2\/posts\/7136\/revisions\/7171"}],"wp:featuredmedia":[{"embeddable":true,"href":"http:\/\/viedeherisson.com\/index.php\/wp-json\/wp\/v2\/media\/7155"}],"wp:attachment":[{"href":"http:\/\/viedeherisson.com\/index.php\/wp-json\/wp\/v2\/media?parent=7136"}],"wp:term":[{"taxonomy":"category","embeddable":true,"href":"http:\/\/viedeherisson.com\/index.php\/wp-json\/wp\/v2\/categories?post=7136"},{"taxonomy":"post_tag","embeddable":true,"href":"http:\/\/viedeherisson.com\/index.php\/wp-json\/wp\/v2\/tags?post=7136"}],"curies":[{"name":"wp","href":"https:\/\/api.w.org\/{rel}","templated":true}]}}